{"id":460,"date":"2021-03-29T16:45:27","date_gmt":"2021-03-29T16:45:27","guid":{"rendered":"https:\/\/tratodirecto.com\/blog\/?p=460"},"modified":"2021-03-29T16:45:28","modified_gmt":"2021-03-29T16:45:28","slug":"aumenta-mi-credito-infonavit-si-me-suben-el-sueldo","status":"publish","type":"post","link":"https:\/\/tratodirecto.com\/blog\/aumenta-mi-credito-infonavit-si-me-suben-el-sueldo\/","title":{"rendered":"\u00bfAumenta mi Cr\u00e9dito INFONAVIT si me suben el sueldo?"},"content":{"rendered":"\n<blockquote class=\"wp-block-quote is-layout-flow wp-block-quote-is-layout-flow\"><p>Este 2021, el aumento en el salario m\u00ednimo impactar\u00e1 en el cr\u00e9dito de los derechohabientes del INFONAVIT solo con el aumento de un 3.15% de inflaci\u00f3n en lugar del 15% que se hac\u00eda en a\u00f1os pasados. Te contamos m\u00e1s detalles.<\/p><\/blockquote>\n\n\n\n<hr class=\"wp-block-separator\"\/>\n\n\n\n<p>Como sabes, el Instituto del Fondo Nacional de la Vivienda para los Trabajadores (INFONAVIT), es un organismo de servicio social que ofrece a sus derechohabientes la posibilidad de adquirir alg\u00fan cr\u00e9dito hipotecario para su Nuevo Hogar. A\u00f1o con a\u00f1o esta instituci\u00f3n crea m\u00e1s programas para beneficiar a sus derechohabientes y acreditados. Anteriormente, los cr\u00e9ditos estaban indexados al Salario M\u00ednimo, por lo que cada vez que los salarios aumentaban aumentaba en la misma proporci\u00f3n la deuda de los acreditados.&nbsp;<\/p>\n\n\n\n<p>Desde hace cinco a\u00f1os, con la creaci\u00f3n de la Unidad de Medida y Actualizaci\u00f3n (UMA), se ajusta el pago mensual de los acreditados de acuerdo a&nbsp; los incrementos de la&nbsp; UMA.<\/p>\n\n\n\n<hr class=\"wp-block-separator\"\/>\n\n\n\n<h2 class=\"has-luminous-vivid-amber-color has-text-color wp-block-heading\"><strong>\u00bfQu\u00e9 es la UMA?<\/strong><\/h2>\n\n\n\n<p>La Unidad de Medida y Actualizaci\u00f3n (UMA) se implement\u00f3 a partir del 2016, con el objetivo de sustituir el esquema Veces Salario M\u00ednimo (VSM).<\/p>\n\n\n\n<p>Esta unidad de referencia determina la cantidad del pago de las obligaciones de las entidades federativas y de la Ciudad de M\u00e9xico. Actualmente, la UMA se usa para calcular cr\u00e9ditos hipotecarios como los del INFONAVIT, para pagar multas, impuestos, tr\u00e1mites y prestaciones sociales.<\/p>\n\n\n\n<p>El INFONAVIT inform\u00f3 que el aumento al salario m\u00ednimo da una mayor contribuci\u00f3n de los patrones a las subcuentas de vivienda, lo que aumenta el ahorro de los trabajadores que a\u00fan no han solicitado un cr\u00e9dito hipotecario. Por eso se mantiene el Programa de Responsabilidad Compartida.<\/p>\n\n\n\n<p class=\"has-background has-text-align-center has-very-light-gray-background-color\">\u00a1B\u00e1jale a tu deuda INFONAVIT <a href=\"https:\/\/tratodirecto.com\/blog\/puedo-bajar-la-deuda-de-mi-credito-infonavit\/\">haciendo clic aqu\u00ed<\/a>!<\/p>\n\n\n\n<div class=\"wp-block-image\"><figure class=\"aligncenter\"><img decoding=\"async\" src=\"https:\/\/lh5.googleusercontent.com\/rcMZr06eXsEnGfQbblZEysb3Xsu64M16nm4zH-bMXzWl_9wOghxX5IvjGwF5Dvt9GlGbZZ9mo_FmCCqAHD1T1QOvwiF6W0H2kUCvGqnuPzJ1zO4P7CcD6g3GoZJ_FkXpyN14vG35\" alt=\"\"\/><figcaption>Forbes M\u00e9xico<\/figcaption><\/figure><\/div>\n\n\n\n<hr class=\"wp-block-separator\"\/>\n\n\n\n<h2 class=\"has-luminous-vivid-amber-color has-text-color wp-block-heading\"><strong>\u00bfQu\u00e9 es el Programa de Responsabilidad Compartida?<\/strong><\/h2>\n\n\n\n<p>Si adquiriste un cr\u00e9dito que est\u00e1 tramitado en veces salarios m\u00ednimos y tu deuda va aumentando cada vez m\u00e1s, el INFONAVIT te ofrece la posibilidad de&nbsp; resolver este problema, ya que te permite:<\/p>\n\n\n\n<p><strong><em>Pasar tu cr\u00e9dito de veces salario m\u00ednimo (VSM) a pesos, evitando que el monto de la deuda aumente y las mensualidades aumenten.<\/em><\/strong><\/p>\n\n\n\n<p class=\"has-background has-text-align-center has-very-light-gray-background-color\"><a href=\"https:\/\/www.eluniversal.com.mx\/nacion\/sociedad\/quieres-ser-beneficiario-del-programa-responsabilidad-compartida-del-infonavit\">Conoce los pasos con esta gu\u00eda de El Universal<\/a><\/p>\n\n\n\n<hr class=\"wp-block-separator\"\/>\n\n\n\n<p><\/p>\n\n\n\n<p class=\"has-text-color has-luminous-vivid-amber-color\"><strong>Otras razones por las que puede bajar tu cr\u00e9dito INFONAVIT<\/strong><\/p>\n\n\n\n<ul class=\"wp-block-list\"><li>Porque la empresa donde trabajas disminuy\u00f3 tu salario de cotizaci\u00f3n en el IMSS.<\/li><li><strong>EDAD<\/strong>: El cr\u00e9dito ofrecido disminuye cada que cumples a\u00f1os despu\u00e9s de los 39, y desciende entre $4,000 y $6,000.<\/li><li><strong>Por estar en el bur\u00f3 de cr\u00e9dito: <\/strong>A partir del 2020, el INFONAVIT tiene derecho de&nbsp; consultar tu historial con otras instituciones bancarias de cr\u00e9dito para determinar tu capacidad de pago.<\/li><\/ul>\n\n\n\n<p class=\"has-background has-text-align-center has-very-light-gray-background-color\">\u00a1Ya los sabes! Nosotros te ayudamos a calcular tu Cr\u00e9dito INFONAVIT. Checa nuestra oferta de nuevos hogares en <a href=\"https:\/\/tratodirecto.com\/\">TratoDirecto.com<\/a><\/p>\n","protected":false},"excerpt":{"rendered":"<p>Este 2021, el aumento en el salario m\u00ednimo impactar\u00e1 en el cr\u00e9dito de los derechohabientes del INFONAVIT solo con el aumento de un 3.15% de inflaci\u00f3n en lugar del 15% que se hac\u00eda en a\u00f1os pasados. Te contamos m\u00e1s detalles. Como sabes, el Instituto del Fondo Nacional de la Vivienda para los Trabajadores (INFONAVIT), es un organismo de servicio social que ofrece a sus derechohabientes la posibilidad de adquirir alg\u00fan cr\u00e9dito hipotecario para su Nuevo Hogar. A\u00f1o con a\u00f1o esta instituci\u00f3n crea m\u00e1s programas para beneficiar a sus derechohabientes y acreditados. Anteriormente, los cr\u00e9ditos estaban indexados al Salario M\u00ednimo, por lo que cada vez que los salarios aumentaban aumentaba en la misma proporci\u00f3n la deuda de los acreditados.&nbsp; Desde hace cinco a\u00f1os, con la creaci\u00f3n de la Unidad de Medida y Actualizaci\u00f3n (UMA), se ajusta el pago mensual de los acreditados de acuerdo a&nbsp; los incrementos de la&nbsp; UMA. \u00bfQu\u00e9 es la UMA? La Unidad de Medida y Actualizaci\u00f3n (UMA) se implement\u00f3 a partir del 2016, con el objetivo de sustituir el esquema Veces Salario M\u00ednimo (VSM). Esta unidad de referencia determina la cantidad del pago de las obligaciones de las entidades federativas y de la Ciudad de M\u00e9xico. Actualmente, [&hellip;]<\/p>\n","protected":false},"author":1,"featured_media":463,"comment_status":"open","ping_status":"open","sticky":false,"template":"","format":"standard","meta":{"footnotes":""},"categories":[4],"tags":[],"class_list":["post-460","post","type-post","status-publish","format-standard","has-post-thumbnail","hentry","category-infonavit"],"_links":{"self":[{"href":"https:\/\/tratodirecto.com\/blog\/wp-json\/wp\/v2\/posts\/460","targetHints":{"allow":["GET"]}}],"collection":[{"href":"https:\/\/tratodirecto.com\/blog\/wp-json\/wp\/v2\/posts"}],"about":[{"href":"https:\/\/tratodirecto.com\/blog\/wp-json\/wp\/v2\/types\/post"}],"author":[{"embeddable":true,"href":"https:\/\/tratodirecto.com\/blog\/wp-json\/wp\/v2\/users\/1"}],"replies":[{"embeddable":true,"href":"https:\/\/tratodirecto.com\/blog\/wp-json\/wp\/v2\/comments?post=460"}],"version-history":[{"count":1,"href":"https:\/\/tratodirecto.com\/blog\/wp-json\/wp\/v2\/posts\/460\/revisions"}],"predecessor-version":[{"id":464,"href":"https:\/\/tratodirecto.com\/blog\/wp-json\/wp\/v2\/posts\/460\/revisions\/464"}],"wp:featuredmedia":[{"embeddable":true,"href":"https:\/\/tratodirecto.com\/blog\/wp-json\/wp\/v2\/media\/463"}],"wp:attachment":[{"href":"https:\/\/tratodirecto.com\/blog\/wp-json\/wp\/v2\/media?parent=460"}],"wp:term":[{"taxonomy":"category","embeddable":true,"href":"https:\/\/tratodirecto.com\/blog\/wp-json\/wp\/v2\/categories?post=460"},{"taxonomy":"post_tag","embeddable":true,"href":"https:\/\/tratodirecto.com\/blog\/wp-json\/wp\/v2\/tags?post=460"}],"curies":[{"name":"wp","href":"https:\/\/api.w.org\/{rel}","templated":true}]}}